[{"@context":"https:\/\/schema.org\/","@type":"Article","@id":"https:\/\/www.clzt.cz\/dovolena-v-italii\/#Article","mainEntityOfPage":"https:\/\/www.clzt.cz\/dovolena-v-italii\/","headline":"Dovolen\u00e1 v It\u00e1lii","name":"Dovolen\u00e1 v It\u00e1lii","description":"Tak\u00e9 m\u00e1te svou obl\u00edbenou dovolenkovou destinaci?\u00a0T\u0159eba tam, kam jezd\u00edte moc r\u00e1di na dovolenou. Jsou lid\u00e9, kte\u0159\u00ed jezd\u00ed na dovolenou opravdu ka\u017ed\u00fd den a nemysl\u00edm to t\u0159eba k mo\u0159i, ale t\u0159eba jezd\u00ed do zam\u011bstn\u00e1n\u00ed, kde je jim dob\u0159e a berou to jako dovolenou. J\u00e1 jsem tohle tak\u00e9 tak d\u011blala, m\u011b tohle bavilo. M\u011bla jsem opravdu kr\u00e1sn\u00e9 [&hellip;]","datePublished":"2024-04-30","dateModified":"2024-04-30","author":{"@type":"Person","@id":"https:\/\/www.clzt.cz\/author\/#Person","name":"","url":"https:\/\/www.clzt.cz\/author\/","identifier":1,"image":{"@type":"ImageObject","@id":"https:\/\/secure.gravatar.com\/avatar\/59b0e4716b6bc16861d789b0eb3efe04cb591482277f92a016ec4356fe735210?s=96&d=mm&r=g","url":"https:\/\/secure.gravatar.com\/avatar\/59b0e4716b6bc16861d789b0eb3efe04cb591482277f92a016ec4356fe735210?s=96&d=mm&r=g","height":96,"width":96}},"publisher":{"@type":"Organization","name":"clzt.cz","logo":{"@type":"ImageObject","@id":"\/logo.png","url":"\/logo.png","width":600,"height":60}},"image":{"@type":"ImageObject","@id":"https:\/\/www.clzt.cz\/wp-content\/uploads\/greece-3384386_960_720.jpg","url":"https:\/\/www.clzt.cz\/wp-content\/uploads\/greece-3384386_960_720.jpg","height":0,"width":0},"url":"https:\/\/www.clzt.cz\/dovolena-v-italii\/","about":["Dovolen\u00e1"],"wordCount":398,"articleBody":"Tak\u00e9 m\u00e1te svou obl\u00edbenou dovolenkovou destinaci?\u00a0T\u0159eba tam, kam jezd\u00edte moc r\u00e1di na dovolenou. Jsou lid\u00e9, kte\u0159\u00ed jezd\u00ed na dovolenou opravdu ka\u017ed\u00fd den a nemysl\u00edm to t\u0159eba k mo\u0159i, ale t\u0159eba jezd\u00ed do zam\u011bstn\u00e1n\u00ed, kde je jim dob\u0159e a berou to jako dovolenou. J\u00e1 jsem tohle tak\u00e9 tak d\u011blala, m\u011b tohle bavilo. M\u011bla jsem opravdu kr\u00e1sn\u00e9 zam\u011bstn\u00e1n\u00ed, kde m\u011b to bavilo a \u0159ekla jsem si, \u017ee kdy\u017e vlastn\u011b budu pracovat tam, kde m\u011b to bav\u00ed, \u017ee vlastn\u011b si tak\u00e9 u\u017eij\u00ed spoustu z\u00e1bavy a tak\u00e9 spoustu srandy a aby toho nebylo m\u00e1lo, tak jsem potom tak\u00e9 zam\u011bstn\u00e1n\u00ed na\u0161la partnera a potom ve dvou\u00a0jsme jezdili na dovolenou. Tohle m\u011b opravdu hodn\u011b bavilo. Dovolen\u00e1 ale n\u011bkde u mo\u0159e, tak jo m\u016f\u017ee b\u00fdt opravdu perfektn\u00ed. U mo\u0159e jsem byla zat\u00edm jenom dvakr\u00e1t, ale mus\u00edm uznat, \u017ee na dovolen\u00e9 u mo\u0159e m\u011b to moc bavilo. Jednou\u00a0jsem tam, byla se sourozenci a podruh\u00e9\u00a0jsme tam byli opravdu cel\u00e1 rodina. Tohle m\u011b moc pot\u011b\u0161ilo a byla jsem r\u00e1da, \u017ee my jako rodina jsme se na dovolen\u00e9 dali zase do kupy, proto\u017ee my jako rodina jsme byli bohu\u017eel opravdu hodn\u011b \u010dasto rozh\u00e1dan\u00ed, a to m\u011b moc mrzelo. Vadilo mi, \u017ee na\u0161e rodina je st\u00e1le jenom rozh\u00e1dan\u00e1, a tak jsem si u\u0161et\u0159ila pen\u00edze a celou rodinu jsem pozvala na dovolenou k mo\u0159i do It\u00e1lie.Rodina chv\u00edli byla takov\u00e1 trochu skeptick\u00e1 a byla proti, proto\u017ee se b\u00e1la, \u017ee se tam stane tak\u00e9 n\u011bco opravdu hor\u0161\u00edho. T\u0159eba \u017ee se tam je\u0161t\u011b v\u00edce rozkl\u00e1d\u00e1me, ne\u017e jsme a bude to potom je\u0161t\u011b hor\u0161\u00ed. Nakonec to dopadlo opravdu perfektn\u011b. Sta\u010dila jedna\u00a0mal\u00e1 kr\u00e1tk\u00e1 dovolen\u00e1 v It\u00e1lii pouze jenom na t\u0159i\u00a0dny, a nakonec to dopadlo opravdu v\u0161echno perfektn\u011b. Nikdo se tam neh\u00e1dal a potom v\u0161ichni se dali dohromady. B\u011bhem t\u0159\u00ed dn\u016f jsme dali dohromady dvoulet\u00e9 vztahy, kter\u00e9 byly opravdu na bodu mrazu. Mysl\u00edm si, \u017ee kdy\u017e si \u010dlov\u011bk anebo cel\u00e1 rodina si\u00a0u\u017eij\u00ed po\u0159\u00e1dnou dovolenou, \u017ee je to prima, proto\u017ee ka\u017ed\u00e1 dovolen\u00e1 opravdu celou rodinu a nebo partnerstv\u00ed stmel\u00ed.\u00a0\u00a0\u00a0                                                                                                                                                                                                                                                                                                                                                                                                "},{"@context":"https:\/\/schema.org\/","@type":"BreadcrumbList","itemListElement":[{"@type":"ListItem","position":1,"name":"Dovolen\u00e1 v It\u00e1lii","item":"https:\/\/www.clzt.cz\/dovolena-v-italii\/#breadcrumbitem"}]}]