[{"@context":"https:\/\/schema.org\/","@type":"Blog","@id":"https:\/\/www.clzt.cz#Blog","headline":"Clzt","description":"\nNa n\u011bkter\u00fdch webech se tlach\u00e1, na n\u011bkter\u00fdch plk\u00e1, na n\u011bkter\u00fdch se vedou plan\u00e9 \u0159e\u010di nebo se l\u017ee. K\u00a0takov\u00fdm my ale rozhodn\u011b nepat\u0159\u00edme a pat\u0159it nebudeme.","url":"https:\/\/www.clzt.cz","hasPart":[{"@type":"Article","@id":"https:\/\/www.clzt.cz\/puvab-spojen-s-eleganci\/","headline":"P\u016fvab spojen s eleganc\u00ed","url":"https:\/\/www.clzt.cz\/puvab-spojen-s-eleganci\/","datePublished":"2016-11-30","dateModified":"2023-05-31","mainEntityOfPage":"https:\/\/www.clzt.cz\/puvab-spojen-s-eleganci\/","author":{"@type":"Person","@id":"https:\/\/www.clzt.cz\/author\/#Person","name":"","url":"https:\/\/www.clzt.cz\/author\/","identifier":1,"image":{"@type":"ImageObject","@id":"https:\/\/secure.gravatar.com\/avatar\/59b0e4716b6bc16861d789b0eb3efe04cb591482277f92a016ec4356fe735210?s=96&d=mm&r=g","url":"https:\/\/secure.gravatar.com\/avatar\/59b0e4716b6bc16861d789b0eb3efe04cb591482277f92a016ec4356fe735210?s=96&d=mm&r=g","height":96,"width":96}},"publisher":{"@type":"Organization","name":"clzt.cz","logo":{"@type":"ImageObject","@id":"\/logo.png","url":"\/logo.png","width":600,"height":60}},"image":null,"wordCount":664,"keywords":null}]},{"@context":"https:\/\/schema.org","@type":"WebSite","@id":"https:\/\/www.clzt.cz\/#website","name":"Clzt","url":"https:\/\/www.clzt.cz","potentialAction":{"@type":"SearchAction","target":"https:\/\/www.clzt.cz\/?s={search_term_string}","query-input":"required name=search_term_string"}}]